{"id":160,"date":"2014-05-26T22:00:59","date_gmt":"2014-05-27T02:00:59","guid":{"rendered":"https:\/\/fr.sebastienlarocque.com\/blogue\/?p=160"},"modified":"2024-05-13T10:44:43","modified_gmt":"2024-05-13T14:44:43","slug":"les-liens-entre-la-politique-et-lindustrie-privee-sont-ils-sains-ou-malsains","status":"publish","type":"post","link":"https:\/\/fr.sebastienlarocque.com\/blogue\/les-liens-entre-la-politique-et-lindustrie-privee-sont-ils-sains-ou-malsains-2014-05","title":{"rendered":"Les liens entre la politique et l&rsquo;industrie priv\u00e9e sont-ils sains ou malsains?"},"content":{"rendered":"<div id=\"attachment_164\" style=\"width: 266px\" class=\"wp-caption alignright\"><img loading=\"lazy\" decoding=\"async\" aria-describedby=\"caption-attachment-164\" class=\"size-full wp-image-164\" src=\"https:\/\/fr.sebastienlarocque.com\/blogue\/wp-content\/uploads\/2014\/05\/are-the-connections-between-politics-and-the-private-industry-sane-or-insane.jpg\" alt=\"Les liens entre la politique et l'industrie priv\u00e9e sont-ils sains ou malsains?\" width=\"256\" height=\"256\" srcset=\"https:\/\/fr.sebastienlarocque.com\/blogue\/wp-content\/uploads\/2014\/05\/are-the-connections-between-politics-and-the-private-industry-sane-or-insane.jpg 256w, https:\/\/fr.sebastienlarocque.com\/blogue\/wp-content\/uploads\/2014\/05\/are-the-connections-between-politics-and-the-private-industry-sane-or-insane-150x150.jpg 150w\" sizes=\"auto, (max-width: 256px) 100vw, 256px\" \/><p id=\"caption-attachment-164\" class=\"wp-caption-text\">Les liens entre la politique et l&rsquo;industrie priv\u00e9e sont-ils sains ou malsains?<\/p><\/div>\n<p style=\"text-align: left;\">Plusieurs personnes disent que les <strong>partis politiques sont financ\u00e9s par le priv\u00e9<\/strong>. C&rsquo;est pourquoi les partis sont biais\u00e9s dans leurs d\u00e9cisions politiques et qu&rsquo;ils r\u00e9pondent parfois \u00e0 des <strong>int\u00e9r\u00eats priv\u00e9s avant des int\u00e9r\u00eats d\u00e9mocratiques<\/strong>.<\/p>\n<p style=\"text-align: left;\">Un \u00e9v\u00e8nement a attir\u00e9 mon attention sur les liens entre la politique et l&rsquo;industrie priv\u00e9e. Le 8 octobre 2013, l&rsquo;homme d&rsquo;affaires Paul Desmarais d\u00e9c\u00e9da. Lors des fun\u00e9railles et d&rsquo;une c\u00e9r\u00e9monie d&rsquo;hommage, plusieurs personnes du milieu politique se sont d\u00e9plac\u00e9es pour les \u00e9v\u00e8nements. Quand des gens se rendent \u00e0 des fun\u00e9railles, c&rsquo;est parce qu&rsquo;ils ont une connexion avec le d\u00e9funt.<\/p>\n<p style=\"text-align: left;\">Plusieurs critiques ont d\u00e9j\u00e0 \u00e9t\u00e9 enregistr\u00e9es concernant <strong>Paul Desmarais<\/strong> et ces liens avec la politique. Ce n&rsquo;est pas une surprise de voir autant de politiciens \u00e0 la c\u00e9r\u00e9monie d&rsquo;hommage.<\/p>\n<p style=\"text-align: left;\">Ce cas est peut-\u00eatre hors de la moyenne, mais celui-ci soul\u00e8ve plusieurs questions sur notre soci\u00e9t\u00e9 d\u00e9mocratique. J&rsquo;ai souvent pos\u00e9 la question: sommes-nous d\u00e9mocratiques? Il est douteux de voir des entreprises priv\u00e9es financer des partis politiques. Pourquoi une entreprise priv\u00e9e financerait-elle un parti politique? M\u00eame pour une personne d&rsquo;affaires, la m\u00eame question se pose. Habituellement, les gens attendent un retour sur leur investissement. Qu&rsquo;attendent-ils de leur soutien \u00e0 un parti politique?<\/p>\n<p style=\"text-align: left;\">Finalement, les liens sont-ils sains ou malsains? Le probl\u00e8me de la <strong>corruption<\/strong> est un lien malsain. Ce qu&rsquo;on voit comme corruption dans les m\u00e9dias repr\u00e9sente d\u00e9j\u00e0 une partie visible de liens malsains. Il est impossible de bien repr\u00e9senter les autres liens qui sont non visibles. Ce qui est certain, c&rsquo;est que des gens de l&rsquo;industrie priv\u00e9e ont des int\u00e9r\u00eats financiers \u00e0 voir \u00e9lire certains partis politiques plut\u00f4t que d&rsquo;autres.<\/p>\n","protected":false},"excerpt":{"rendered":"<p>Plusieurs personnes disent que les partis politiques sont financ\u00e9s par le priv\u00e9. C&rsquo;est pourquoi les partis sont biais\u00e9s dans leurs d\u00e9cisions politiques et qu&rsquo;ils r\u00e9pondent parfois \u00e0 des int\u00e9r\u00eats priv\u00e9s avant des int\u00e9r\u00eats d\u00e9mocratiques. Un \u00e9v\u00e8nement a attir\u00e9 mon attention sur les liens entre la politique et l&rsquo;industrie priv\u00e9e. Le 8 octobre 2013, l&rsquo;homme d&rsquo;affaires [&hellip;]<\/p>\n","protected":false},"author":2,"featured_media":0,"comment_status":"closed","ping_status":"open","sticky":false,"template":"","format":"standard","meta":{"footnotes":""},"categories":[13,5],"tags":[],"class_list":["post-160","post","type-post","status-publish","format-standard","hentry","category-politique","category-societe"],"_links":{"self":[{"href":"https:\/\/fr.sebastienlarocque.com\/blogue\/wp-json\/wp\/v2\/posts\/160","targetHints":{"allow":["GET"]}}],"collection":[{"href":"https:\/\/fr.sebastienlarocque.com\/blogue\/wp-json\/wp\/v2\/posts"}],"about":[{"href":"https:\/\/fr.sebastienlarocque.com\/blogue\/wp-json\/wp\/v2\/types\/post"}],"author":[{"embeddable":true,"href":"https:\/\/fr.sebastienlarocque.com\/blogue\/wp-json\/wp\/v2\/users\/2"}],"replies":[{"embeddable":true,"href":"https:\/\/fr.sebastienlarocque.com\/blogue\/wp-json\/wp\/v2\/comments?post=160"}],"version-history":[{"count":3,"href":"https:\/\/fr.sebastienlarocque.com\/blogue\/wp-json\/wp\/v2\/posts\/160\/revisions"}],"predecessor-version":[{"id":348,"href":"https:\/\/fr.sebastienlarocque.com\/blogue\/wp-json\/wp\/v2\/posts\/160\/revisions\/348"}],"wp:attachment":[{"href":"https:\/\/fr.sebastienlarocque.com\/blogue\/wp-json\/wp\/v2\/media?parent=160"}],"wp:term":[{"taxonomy":"category","embeddable":true,"href":"https:\/\/fr.sebastienlarocque.com\/blogue\/wp-json\/wp\/v2\/categories?post=160"},{"taxonomy":"post_tag","embeddable":true,"href":"https:\/\/fr.sebastienlarocque.com\/blogue\/wp-json\/wp\/v2\/tags?post=160"}],"curies":[{"name":"wp","href":"https:\/\/api.w.org\/{rel}","templated":true}]}}